{"id":6477,"date":"2022-12-20T11:34:32","date_gmt":"2022-12-20T10:34:32","guid":{"rendered":"https:\/\/oegjk.org\/?p=6477"},"modified":"2023-07-13T14:56:57","modified_gmt":"2023-07-13T12:56:57","slug":"sektori-i-produkteve-ushqimore","status":"publish","type":"post","link":"https:\/\/oegjk.org\/sq\/sektori-i-produkteve-ushqimore\/","title":{"rendered":"Sektori i p\u00ebrpunimit i produkteve ushqimore"},"content":{"rendered":"<p><span data-contrast=\"auto\">Kosova \u00ebsht\u00eb vendi me popullsin\u00eb m\u00eb t\u00eb re n\u00eb Evrop\u00eb. M\u00eb shum\u00eb se 70 p\u00ebrqind e popullsis\u00eb s\u00eb saj jan\u00eb n\u00ebn mosh\u00ebn 35 vje\u00e7, ka p\u00ebrb\u00ebrjen demografike p\u00ebr t\u00eb cil\u00ebn \u00ebnd\u00ebrron \u00e7do vend. P\u00ebrmes Marr\u00ebveshjes s\u00eb Stabilizim Asociimit, Kosova ofron qasje t\u00eb lir\u00eb n\u00eb tregun e BE -s\u00eb, dhe kosto t\u00eb ul\u00ebt t\u00eb pun\u00ebs n\u00eb krahasim me Evrop\u00ebn Qendrore dhe Lindore, por edhe n\u00eb krahasim me vendet fqinje, p\u00ebr shkak t\u00eb nj\u00eb popullsie t\u00eb re.<\/span><span data-ccp-props=\"{&quot;201341983&quot;:0,&quot;335559739&quot;:0,&quot;335559740&quot;:240}\">\u00a0<\/span><\/p>\n<p><span data-contrast=\"auto\">Kosova ka koncentrimin m\u00eb t\u00eb lart\u00eb t\u00eb fol\u00ebsve gjerman\u00eb n\u00eb bot\u00eb, pas vendeve t\u00eb DACH (Gjermania, Austria dhe Zvicra).<\/span><span data-ccp-props=\"{&quot;201341983&quot;:0,&quot;335559739&quot;:0,&quot;335559740&quot;:240}\">\u00a0<\/span><\/p>\n<p><span data-contrast=\"auto\">Niveli i lart\u00eb i aft\u00ebsive gjuh\u00ebsore n\u00eb mesin e fuqis\u00eb pun\u00ebtore t\u00eb Kosov\u00ebs \u00ebsht\u00eb nj\u00eb nga p\u00ebrpar\u00ebsit\u00eb kryesore konkurruese t\u00eb vendit ndaj konkurrent\u00ebve t\u00eb tij rajonal. 28.2% e popullsis\u00eb flet nj\u00eb gjuh\u00eb t\u00eb huaj dhe 15.9% m\u00eb shum\u00eb se nj\u00eb gjuh\u00eb t\u00eb huaj.<\/span><span data-ccp-props=\"{&quot;201341983&quot;:0,&quot;335559739&quot;:0,&quot;335559740&quot;:240}\">\u00a0<\/span><\/p>\n<p><span data-contrast=\"auto\">Industria e ushqimit p\u00ebrfshin llojet t\u00eb ndryshme t\u00eb produkteve ushqimore, t\u00eb cilat jan\u00eb: mishi, mielli, qum\u00ebshti, vaji, sheqeri, pem\u00eb dhe perime t\u00eb ndryshme etj. Kosova ka potencial t\u00eb madh p\u00ebr zhvillimin e k\u00ebtij sektori duke u bazua me nj\u00eb reliev t\u00eb pasur me toka t\u00eb bollshme pjellore p\u00ebr kultivimin e produkteve bujq\u00ebsore, dhe p\u00ebr k\u00ebt\u00eb arsye investitor\u00ebt kan\u00eb mund\u00ebsi t\u00eb m\u00ebdha p\u00ebr t\u00eb investuar n\u00eb industrin\u00eb e p\u00ebrpunimit t\u00eb ushqimit.<\/span><span data-ccp-props=\"{&quot;201341983&quot;:0,&quot;335559739&quot;:0,&quot;335559740&quot;:240}\">\u00a0<\/span><\/p>\n<p><span data-contrast=\"auto\">Der Untersektor &#8222;Produktion von Lebensmittelprodukten&#8220; hat einen Besch\u00e4ftigungsanteil von 25,03 Prozent, einen Unternehmensanteil von 24,43 Prozent und einen j\u00e4hrlichen Umsatzanteil von 23,57 Prozent. Im Gesamtexport betr\u00e4gt der Anteil der Produktion von Lebensmittelprodukten 5,9 Prozent, w\u00e4hrend der Anteil am Gesamtimport 12,4 Prozent betr\u00e4gt. Im Jahr 2021 gab es im Vergleich zu 2020 eine Ver\u00e4nderung in diesem Untersektor: die Anzahl der Unternehmen stieg um 6,79 Prozent, die Besch\u00e4ftigung stieg um 22,53 Prozent, der Umsatz stieg um 47,57 Prozent, der Export stieg um 33,04 Prozent und der Import stieg um 24,51 Prozent.<\/span><span data-ccp-props=\"{&quot;201341983&quot;:0,&quot;335559739&quot;:0,&quot;335559740&quot;:240}\">\u00a0<\/span><\/p>\n<p><span data-contrast=\"auto\">M\u00eb shum\u00eb informacion n\u00eb lidhje me industrin\u00eb e produkteve ushqimore t\u00eb Kosov\u00ebs mund t\u00eb gjenden n\u00eb raportin e holl\u00ebsish\u00ebm t\u00eb disponuesh\u00ebm n\u00eb linkun m\u00eb posht\u00eb:<\/span><span data-ccp-props=\"{&quot;201341983&quot;:0,&quot;335559739&quot;:0,&quot;335559740&quot;:240}\">\u00a0<\/span><\/p>\n<p><a href=\"https:\/\/mint.rks-gov.net\/desk\/inc\/media\/800B1A0D-657C-4CA4-9256-D090C2AD7F7E.pdf\"><span data-contrast=\"none\">https:\/\/mint.rks-gov.net\/desk\/inc\/media\/800B1A0D-657C-4CA4-9256-D090C2AD7F7E.pdf<\/span><\/a><span data-ccp-props=\"{&quot;201341983&quot;:0,&quot;335559739&quot;:0,&quot;335559740&quot;:240}\">\u00a0<\/span><\/p>","protected":false},"excerpt":{"rendered":"<p>Kosovo ist das Land mit der j\u00fcngsten Bev\u00f6lkerung in Europa. \u00dcber 70 Prozent seiner Bev\u00f6lkerung sind unter 35 Jahre alt, das Land hat eine demografische Zusammensetzung, von der jedes Land [&hellip;]<\/p>\n","protected":false},"author":1,"featured_media":6479,"comment_status":"closed","ping_status":"open","sticky":false,"template":"","format":"standard","meta":{"footnotes":""},"categories":[42],"tags":[],"class_list":["post-6477","post","type-post","status-publish","format-standard","has-post-thumbnail","hentry","category-veroeffentlichungen"],"aioseo_notices":[],"_links":{"self":[{"href":"https:\/\/oegjk.org\/sq\/wp-json\/wp\/v2\/posts\/6477","targetHints":{"allow":["GET"]}}],"collection":[{"href":"https:\/\/oegjk.org\/sq\/wp-json\/wp\/v2\/posts"}],"about":[{"href":"https:\/\/oegjk.org\/sq\/wp-json\/wp\/v2\/types\/post"}],"author":[{"embeddable":true,"href":"https:\/\/oegjk.org\/sq\/wp-json\/wp\/v2\/users\/1"}],"replies":[{"embeddable":true,"href":"https:\/\/oegjk.org\/sq\/wp-json\/wp\/v2\/comments?post=6477"}],"version-history":[{"count":2,"href":"https:\/\/oegjk.org\/sq\/wp-json\/wp\/v2\/posts\/6477\/revisions"}],"predecessor-version":[{"id":8794,"href":"https:\/\/oegjk.org\/sq\/wp-json\/wp\/v2\/posts\/6477\/revisions\/8794"}],"wp:featuredmedia":[{"embeddable":true,"href":"https:\/\/oegjk.org\/sq\/wp-json\/"}],"wp:attachment":[{"href":"https:\/\/oegjk.org\/sq\/wp-json\/wp\/v2\/media?parent=6477"}],"wp:term":[{"taxonomy":"category","embeddable":true,"href":"https:\/\/oegjk.org\/sq\/wp-json\/wp\/v2\/categories?post=6477"},{"taxonomy":"post_tag","embeddable":true,"href":"https:\/\/oegjk.org\/sq\/wp-json\/wp\/v2\/tags?post=6477"}],"curies":[{"name":"wp","href":"https:\/\/api.w.org\/{rel}","templated":true}]}}