{"id":6264,"date":"2021-09-30T15:25:52","date_gmt":"2021-09-30T13:25:52","guid":{"rendered":"https:\/\/oegjk.org\/?p=6264"},"modified":"2023-07-13T15:26:08","modified_gmt":"2023-07-13T13:26:08","slug":"oegjk-mirepriti-drejtorin-per-ballkanin-perendimor-germany-trade-and-invest-z-martin-gaber","status":"publish","type":"post","link":"https:\/\/oegjk.org\/sq\/oegjk-mirepriti-drejtorin-per-ballkanin-perendimor-germany-trade-and-invest-z-martin-gaber\/","title":{"rendered":"OEGJK mir\u00ebpriti Drejtorin p\u00ebr Ballkanin Per\u00ebndimor, Germany Trade and Invest z. Martin Gaber."},"content":{"rendered":"<p>Gjat\u00eb vizit\u00ebs s\u00eb tij dy-ditore, OEGJK organizoi mbi 10 takime, dhe nj\u00eb online event, me q\u00ebllim q\u00eb vizita e z. Gaber n\u00eb Kosov\u00eb t\u00eb jet\u00eb sa m\u00eb gjith\u00ebp\u00ebrfshir\u00ebse.<\/p>\n<p>N\u00eb eventin me GTAI mor\u00ebn pjes\u00eb 48 kompani. Pjes\u00ebmarr\u00ebsit u informuan rreth mund\u00ebsive t\u00eb bashk\u00ebpunimit me GTAI p\u00ebr t\u00eb hapur deg\u00eb\/biznes n\u00eb Gjermani dhe p\u00ebr t\u00eb gjetur partner\u00eb.<\/p>\n<p>Gjat\u00eb q\u00ebndrimit n\u00eb Kosov\u00eb, z. Gaber vizitoi kompanin\u00eb premium SPEEEX, Innovation Centre Kosovo (ICK), kompanin\u00eb premium Ventius, kompanin\u00eb premium NOVUS, p\u00ebrfaq\u00ebsues t\u00eb sektorit t\u00eb ICT, investimin gjerman Heinze, ekspert\u00eb t\u00eb ekonomis\u00eb, p\u00ebrfaq\u00ebsues t\u00eb GIZ, shefin e KfW, Ambasadorin Gjerman J\u00f6rn Rohde dhe Ministren e Industris\u00eb, Nd\u00ebrmarr\u00ebsis\u00eb dhe Tregtis\u00eb, Rozeta Hajdari.<\/p>\n<p>z. Gaber informoi t\u00eb gjith\u00eb ata q\u00eb takoi p\u00ebr mund\u00ebsit\u00eb q\u00eb GTAI ofron p\u00ebr kompanit\u00eb kosovare, si dhe u njoftua nga af\u00ebr me at\u00eb se \u00e7far\u00eb ofron Kosova dhe potencialin e saj n\u00eb fusha t\u00eb ndryshme.<\/p>","protected":false},"excerpt":{"rendered":"<p>W\u00e4hrend seines zweit\u00e4gigen Besuchs organisierte die KDWV \u00fcber 10 Treffen und ein Online-Event, um sicherzustellen, dass Herr Gabers Besuch in Kosovo so umfassend wie m\u00f6glich ist. Am GTAI-Event nahmen 48 [&hellip;]<\/p>\n","protected":false},"author":1,"featured_media":6266,"comment_status":"closed","ping_status":"open","sticky":false,"template":"","format":"standard","meta":{"footnotes":""},"categories":[121],"tags":[],"class_list":["post-6264","post","type-post","status-publish","format-standard","has-post-thumbnail","hentry","category-events"],"aioseo_notices":[],"_links":{"self":[{"href":"https:\/\/oegjk.org\/sq\/wp-json\/wp\/v2\/posts\/6264","targetHints":{"allow":["GET"]}}],"collection":[{"href":"https:\/\/oegjk.org\/sq\/wp-json\/wp\/v2\/posts"}],"about":[{"href":"https:\/\/oegjk.org\/sq\/wp-json\/wp\/v2\/types\/post"}],"author":[{"embeddable":true,"href":"https:\/\/oegjk.org\/sq\/wp-json\/wp\/v2\/users\/1"}],"replies":[{"embeddable":true,"href":"https:\/\/oegjk.org\/sq\/wp-json\/wp\/v2\/comments?post=6264"}],"version-history":[{"count":3,"href":"https:\/\/oegjk.org\/sq\/wp-json\/wp\/v2\/posts\/6264\/revisions"}],"predecessor-version":[{"id":8817,"href":"https:\/\/oegjk.org\/sq\/wp-json\/wp\/v2\/posts\/6264\/revisions\/8817"}],"wp:featuredmedia":[{"embeddable":true,"href":"https:\/\/oegjk.org\/sq\/wp-json\/"}],"wp:attachment":[{"href":"https:\/\/oegjk.org\/sq\/wp-json\/wp\/v2\/media?parent=6264"}],"wp:term":[{"taxonomy":"category","embeddable":true,"href":"https:\/\/oegjk.org\/sq\/wp-json\/wp\/v2\/categories?post=6264"},{"taxonomy":"post_tag","embeddable":true,"href":"https:\/\/oegjk.org\/sq\/wp-json\/wp\/v2\/tags?post=6264"}],"curies":[{"name":"wp","href":"https:\/\/api.w.org\/{rel}","templated":true}]}}