{"id":5710,"date":"2021-05-19T15:46:43","date_gmt":"2021-05-19T13:46:43","guid":{"rendered":"https:\/\/oegjk.org\/?p=5710"},"modified":"2023-07-13T17:31:16","modified_gmt":"2023-07-13T15:31:16","slug":"parate-e-diaspores-si-te-investohen-ne-kosove","status":"publish","type":"post","link":"https:\/\/oegjk.org\/sq\/parate-e-diaspores-si-te-investohen-ne-kosove\/","title":{"rendered":"Intervist\u00eb: Parat\u00eb e diaspor\u00ebs si t\u00eb investohen n\u00eb Kosov\u00eb?"},"content":{"rendered":"<p>Drejtoresha\u00a0e OEGJK-s\u00eb, Nora Hasani\u00a0dhe\u00a0Florin Kelmendi nga\u00a0kompania\u00a0an\u00ebtare\u00a0e OEGJK-s\u00eb\u00a0Imbus Peja (investim\u00a0nga\u00a0Diaspora) u\u00a0intervistuan\u00a0nga\u00a0Visar Krasniqi\u00a0p\u00ebr\u00a0RTK Story -parat\u00eb\u00a0e\u00a0diaspor\u00ebs\u00a0si\u00a0t\u00eb\u00a0investohen n\u00eb\u00a0Kosov\u00eb?<\/p>\n<p>Intervist\u00ebn\u00a0e\u00a0plot\u00eb\u00a0mund\u00a0ta\u00a0gjeni <a href=\"https:\/\/www.facebook.com\/watch\/live\/?v=486619052389829&amp;ref=watch_permalink\">k\u00ebtu<\/a>.<\/p>\n<p>N\u00eb k\u00ebt\u00eb emision citohen dhe studimet e OEGJK,\u00a0q\u00eb jan\u00eb mb\u00ebshtetur nga\u00a0Qeveria gjermane, respektivisht giz\/DIMAK:<\/p>\n<p><a href=\"https:\/\/oegjk.org\/sq\/studimi-mbi-rolin-e-diaspores-se-kosoves-ne-ekonomine-dhe-zhvillimin-social-te-atdheut-realizuar-nga-kantarin\/\" target=\"_blank\" rel=\"noopener\">Studimin\u00a0mbi\u00a0Rolin e\u00a0diaspor\u00ebs\u00a0s\u00eb\u00a0Kosov\u00ebs\u00a0n\u00eb\u00a0ekonomin\u00eb\u00a0dhe\u00a0zhvillimin\u00a0 social\u00a0t\u00eb\u00a0atdheut\u00a0<\/a>\u00a0\u2013\u00a0realizuar\u00a0nga\u00a0Kantar\/Index Kosova<\/p>\n<p><a href=\"https:\/\/oegjk.org\/sq\/studimi-per-investimet-e-diaspores-dhe-investimeve-te-huaja-direkte-nga-gjermania-realizuar-nga-deloitte-per-oegjk\/\" target=\"_blank\" rel=\"noopener\">Studimi\u00a0p\u00ebr\u00a0investimet\u00a0e\u00a0diaspor\u00ebs\u00a0dhe\u00a0investimeve\u00a0t\u00eb\u00a0huaja\u00a0direkte\u00a0nga\u00a0 Gjermania\u00a0<\/a>\u00a0\u2013\u00a0realizuar\u00a0nga\u00a0Deloitte<\/p>","protected":false},"excerpt":{"rendered":"<p>Die Gesch\u00e4ftsf\u00fchrerin der KDWV, Nora Hasani und Florin Kelmendi, Mitgliedsunternehmen bei der KDWV, Imbus Peja (Investition aus der Diaspora) wurden im Rahmen einer TV Story f\u00fcr den TV Sender RTK [&hellip;]<\/p>\n","protected":false},"author":1,"featured_media":5712,"comment_status":"closed","ping_status":"open","sticky":false,"template":"","format":"standard","meta":{"footnotes":""},"categories":[42],"tags":[],"class_list":["post-5710","post","type-post","status-publish","format-standard","has-post-thumbnail","hentry","category-veroeffentlichungen"],"aioseo_notices":[],"_links":{"self":[{"href":"https:\/\/oegjk.org\/sq\/wp-json\/wp\/v2\/posts\/5710","targetHints":{"allow":["GET"]}}],"collection":[{"href":"https:\/\/oegjk.org\/sq\/wp-json\/wp\/v2\/posts"}],"about":[{"href":"https:\/\/oegjk.org\/sq\/wp-json\/wp\/v2\/types\/post"}],"author":[{"embeddable":true,"href":"https:\/\/oegjk.org\/sq\/wp-json\/wp\/v2\/users\/1"}],"replies":[{"embeddable":true,"href":"https:\/\/oegjk.org\/sq\/wp-json\/wp\/v2\/comments?post=5710"}],"version-history":[{"count":5,"href":"https:\/\/oegjk.org\/sq\/wp-json\/wp\/v2\/posts\/5710\/revisions"}],"predecessor-version":[{"id":8871,"href":"https:\/\/oegjk.org\/sq\/wp-json\/wp\/v2\/posts\/5710\/revisions\/8871"}],"wp:featuredmedia":[{"embeddable":true,"href":"https:\/\/oegjk.org\/sq\/wp-json\/"}],"wp:attachment":[{"href":"https:\/\/oegjk.org\/sq\/wp-json\/wp\/v2\/media?parent=5710"}],"wp:term":[{"taxonomy":"category","embeddable":true,"href":"https:\/\/oegjk.org\/sq\/wp-json\/wp\/v2\/categories?post=5710"},{"taxonomy":"post_tag","embeddable":true,"href":"https:\/\/oegjk.org\/sq\/wp-json\/wp\/v2\/tags?post=5710"}],"curies":[{"name":"wp","href":"https:\/\/api.w.org\/{rel}","templated":true}]}}