{"id":11483,"date":"2024-02-16T13:00:00","date_gmt":"2024-02-16T12:00:00","guid":{"rendered":"https:\/\/oegjk.org\/?p=11483"},"modified":"2025-01-13T22:54:53","modified_gmt":"2025-01-13T21:54:53","slug":"empfang-des-vorstands-der-kosovarisch-deutschen-wirtschaftsvereinigung-kdwv-im-buero-des-deutschen-kanzlers","status":"publish","type":"post","link":"https:\/\/oegjk.org\/sq\/empfang-des-vorstands-der-kosovarisch-deutschen-wirtschaftsvereinigung-kdwv-im-buero-des-deutschen-kanzlers\/","title":{"rendered":"BORDI I OD\u00cbS EKONOMIKE GJERMANO KOSOVARE PRITET NGA ZYRA E KANCELARIT GJERMAN"},"content":{"rendered":"<p><em>Prishtin\u00eb, m\u00eb 16.02.2024<\/em><\/p>\n\n\n\n<p>Delegacioni zyrtar i Od\u00ebs Ekonomike Gjermano-Kosovare (OEGJK), udh\u00ebhequr nga Kryetarja e Bordit, Eriola Bibolli, i shoq\u00ebruar nga an\u00ebtar\u00ebt e bordit t\u00eb OEGJK s\u00eb, Hana Qerimi dhe Drinor Selmanaj, Drejtoresha Ekzekutive Nora Hasani si dhe Udh\u00ebheq\u00ebsja e Market Entry, Besarta Hyseni, zhvilloi nj\u00eb vizit\u00eb zyrtare n\u00eb Berlin.<\/p>\n\n\n\n<p>Delegacioni pati disa takime t\u00eb r\u00ebnd\u00ebsishme gjat\u00eb vizit\u00ebs, me fokus n\u00eb forcimin e lidhjeve bilaterale dhe nxitjen e bashk\u00ebpunimit ekonomik nd\u00ebrmjet dy vendeve, si dhe koordinimin e aktiviteteve t\u00eb p\u00ebrbashk\u00ebta p\u00ebrgjat\u00eb vitit 2024.<\/p>\n\n\n\n<p>Gjat\u00eb vizit\u00ebs, an\u00ebtar\u00ebt e delegacionit t\u00eb KDWV-s\u00eb kan\u00eb zhvilluar takime me:<\/p>\n\n\n\n<ul class=\"wp-block-list\">\n<li><strong>Departamentin p\u00ebr Bashk\u00ebpunim Ekonomik Nd\u00ebrkomb\u00ebtar \/ Zyra e Kancelarit Scholz<\/strong><\/li>\n\n\n\n<li><strong>Departamentin p\u00ebr Zgjerimin e BE-s\u00eb, Evrop\u00ebn Juglindore, Turqin\u00eb \/ Ministria Federale p\u00ebr Ekonomi dhe Mbrojtje t\u00eb Klim\u00ebsD<\/strong><\/li>\n\n\n\n<li><strong>Dhoma Gjermane e Tregtis\u00eb dhe Industris\u00eb \/ DIHK<\/strong><\/li>\n\n\n\n<li><strong>Komiteti Lindor i Ekonomis\u00eb Gjermane \/ Ost-Ausschuss der deutschen Wirtschaft<\/strong><\/li>\n\n\n\n<li><strong>German Economic Team \/ Berlin Economics<\/strong><\/li>\n\n\n\n<li><strong>OASA e.V.<\/strong><\/li>\n<\/ul>\n\n\n\n<p>Delegacioni ishte ftuar n\u00eb pritjen e Vitit t\u00eb Ri t\u00eb Komitetit Lindor t\u00eb Ekonomis\u00eb Gjermane, ku fjal\u00eb rasti mbajti Ministri Federal i Financave, Christian Lindner. Gjat\u00eb pritjes, an\u00ebtar\u00ebt e delegacionit t\u00eb OEGJK-s\u00eb kan\u00eb pasur takime t\u00eb vlefshme me biznese gjermane dhe p\u00ebrfaq\u00ebsuesit e institucioneve gjermane dhe nd\u00ebrkomb\u00ebtare.<\/p>\n\n\n\n<p>Delegacioni i OEGJK-s\u00eb pati mund\u00ebsin\u00eb t\u00eb informonte bashk\u00ebpun\u00ebtor\u00ebt gjerman\u00eb p\u00ebr rolin e OEGJK-s\u00eb, zhvillimet ekonomike t\u00eb fundit n\u00eb vend, dhe nismat e vazhdueshme q\u00eb synojn\u00eb forcimin e marr\u00ebdh\u00ebnieve bilaterale.<\/p>","protected":false},"excerpt":{"rendered":"<p>Pristina, 16. Februar 2024 Eine offizielle Delegation der Kosovarisch-Deutschen Wirtschaftsvereinigung (KDWV), unter der Leitung der Vorstandsvorsitzenden Eriola Bibolli und begleitet von den Vorstandsmitgliedern Hana Qerimi und Drinor Selmanaj, der Gesch\u00e4ftsf\u00fchrerin [&hellip;]<\/p>\n","protected":false},"author":1,"featured_media":0,"comment_status":"closed","ping_status":"open","sticky":false,"template":"","format":"standard","meta":{"footnotes":""},"categories":[150],"tags":[],"class_list":["post-11483","post","type-post","status-publish","format-standard","hentry","category-pressemitteilungen"],"aioseo_notices":[],"_links":{"self":[{"href":"https:\/\/oegjk.org\/sq\/wp-json\/wp\/v2\/posts\/11483","targetHints":{"allow":["GET"]}}],"collection":[{"href":"https:\/\/oegjk.org\/sq\/wp-json\/wp\/v2\/posts"}],"about":[{"href":"https:\/\/oegjk.org\/sq\/wp-json\/wp\/v2\/types\/post"}],"author":[{"embeddable":true,"href":"https:\/\/oegjk.org\/sq\/wp-json\/wp\/v2\/users\/1"}],"replies":[{"embeddable":true,"href":"https:\/\/oegjk.org\/sq\/wp-json\/wp\/v2\/comments?post=11483"}],"version-history":[{"count":1,"href":"https:\/\/oegjk.org\/sq\/wp-json\/wp\/v2\/posts\/11483\/revisions"}],"predecessor-version":[{"id":11484,"href":"https:\/\/oegjk.org\/sq\/wp-json\/wp\/v2\/posts\/11483\/revisions\/11484"}],"wp:attachment":[{"href":"https:\/\/oegjk.org\/sq\/wp-json\/wp\/v2\/media?parent=11483"}],"wp:term":[{"taxonomy":"category","embeddable":true,"href":"https:\/\/oegjk.org\/sq\/wp-json\/wp\/v2\/categories?post=11483"},{"taxonomy":"post_tag","embeddable":true,"href":"https:\/\/oegjk.org\/sq\/wp-json\/wp\/v2\/tags?post=11483"}],"curies":[{"name":"wp","href":"https:\/\/api.w.org\/{rel}","templated":true}]}}