{
    "id": 6264,
    "date": "2021-09-30T15:25:52",
    "date_gmt": "2021-09-30T13:25:52",
    "guid": {
        "rendered": "https:\/\/oegjk.org\/?p=6264"
    },
    "modified": "2023-07-13T15:26:08",
    "modified_gmt": "2023-07-13T13:26:08",
    "slug": "oegjk-mirepriti-drejtorin-per-ballkanin-perendimor-germany-trade-and-invest-z-martin-gaber",
    "status": "publish",
    "type": "post",
    "link": "https:\/\/oegjk.org\/de\/oegjk-mirepriti-drejtorin-per-ballkanin-perendimor-germany-trade-and-invest-z-martin-gaber\/",
    "title": {
        "rendered": "Die OEGJK hat den Direktor f\u00fcr den Westbalkan von Germany Trade and Invest, Herrn Martin Gaber, empfangen"
    },
    "content": {
        "rendered": "<p>W\u00e4hrend seines zweit\u00e4gigen Besuchs organisierte die KDWV \u00fcber 10 Treffen und ein Online-Event, um sicherzustellen, dass Herr Gabers Besuch in Kosovo so umfassend wie m\u00f6glich ist.<\/p>\n<p>Am GTAI-Event nahmen 48 Unternehmen teil. Die Teilnehmer wurden \u00fcber die Zusammenarbeitsm\u00f6glichkeiten mit GTAI informiert, um Niederlassungen\/Gesch\u00e4fte in Deutschland zu er\u00f6ffnen und Partner zu finden.<\/p>\n<p>W\u00e4hrend seines Aufenthalts in Kosovo besuchte Herr Gaber das Premium-Unternehmen SPEEEX, das Innovation Centre Kosovo (ICK), das Premium-Unternehmen Ventius, das Premium-Unternehmen NOVUS, Vertreter aus dem ICT-Sektor, die deutsche Investition Heinze, Wirtschaftsexperten, Vertreter der GIZ, den Leiter der KfW, den deutschen Botschafter J\u00f6rn Rohde und die Ministerin f\u00fcr Industrie, Unternehmertum und Handel, Rozeta Hajdari.<\/p>\n<p>Herr Gaber informierte alle, die er traf, \u00fcber die M\u00f6glichkeiten, die GTAI den kosovarischen Unternehmen bietet, und er erhielt aus erster Hand Informationen \u00fcber das Angebot Kosovas und sein Potenzial in verschiedenen Bereichen.<\/p>",
        "protected": false
    },
    "excerpt": {
        "rendered": "<p>W\u00e4hrend seines zweit\u00e4gigen Besuchs organisierte die KDWV \u00fcber 10 Treffen und ein Online-Event, um sicherzustellen, dass Herr Gabers Besuch in Kosovo so umfassend wie m\u00f6glich ist. Am GTAI-Event nahmen 48 [&hellip;]<\/p>",
        "protected": false
    },
    "author": 1,
    "featured_media": 6266,
    "comment_status": "closed",
    "ping_status": "open",
    "sticky": false,
    "template": "",
    "format": "standard",
    "meta": {
        "footnotes": ""
    },
    "categories": [
        121
    ],
    "tags": [],
    "class_list": [
        "post-6264",
        "post",
        "type-post",
        "status-publish",
        "format-standard",
        "has-post-thumbnail",
        "hentry",
        "category-events"
    ],
    "aioseo_notices": [],
    "_links": {
        "self": [
            {
                "href": "https:\/\/oegjk.org\/de\/wp-json\/wp\/v2\/posts\/6264",
                "targetHints": {
                    "allow": [
                        "GET"
                    ]
                }
            }
        ],
        "collection": [
            {
                "href": "https:\/\/oegjk.org\/de\/wp-json\/wp\/v2\/posts"
            }
        ],
        "about": [
            {
                "href": "https:\/\/oegjk.org\/de\/wp-json\/wp\/v2\/types\/post"
            }
        ],
        "author": [
            {
                "embeddable": true,
                "href": "https:\/\/oegjk.org\/de\/wp-json\/wp\/v2\/users\/1"
            }
        ],
        "replies": [
            {
                "embeddable": true,
                "href": "https:\/\/oegjk.org\/de\/wp-json\/wp\/v2\/comments?post=6264"
            }
        ],
        "version-history": [
            {
                "count": 3,
                "href": "https:\/\/oegjk.org\/de\/wp-json\/wp\/v2\/posts\/6264\/revisions"
            }
        ],
        "predecessor-version": [
            {
                "id": 8817,
                "href": "https:\/\/oegjk.org\/de\/wp-json\/wp\/v2\/posts\/6264\/revisions\/8817"
            }
        ],
        "wp:featuredmedia": [
            {
                "embeddable": true,
                "href": "https:\/\/oegjk.org\/de\/wp-json\/"
            }
        ],
        "wp:attachment": [
            {
                "href": "https:\/\/oegjk.org\/de\/wp-json\/wp\/v2\/media?parent=6264"
            }
        ],
        "wp:term": [
            {
                "taxonomy": "category",
                "embeddable": true,
                "href": "https:\/\/oegjk.org\/de\/wp-json\/wp\/v2\/categories?post=6264"
            },
            {
                "taxonomy": "post_tag",
                "embeddable": true,
                "href": "https:\/\/oegjk.org\/de\/wp-json\/wp\/v2\/tags?post=6264"
            }
        ],
        "curies": [
            {
                "name": "wp",
                "href": "https:\/\/api.w.org\/{rel}",
                "templated": true
            }
        ]
    }
}