{
    "id": 11501,
    "date": "2024-10-08T13:00:00",
    "date_gmt": "2024-10-08T11:00:00",
    "guid": {
        "rendered": "https:\/\/oegjk.org\/?p=11501"
    },
    "modified": "2025-01-13T23:16:54",
    "modified_gmt": "2025-01-13T22:16:54",
    "slug": "regierungsbeschluss-der-republik-kosovo-ueber-sicherheitsmassnahmen-fuer-importwaren-aus-serbien",
    "status": "publish",
    "type": "post",
    "link": "https:\/\/oegjk.org\/de\/regierungsbeschluss-der-republik-kosovo-ueber-sicherheitsmassnahmen-fuer-importwaren-aus-serbien\/",
    "title": {
        "rendered": "Regierungsbeschluss der Republik Kosovo \u00fcber Sicherheitsma\u00dfnahmen f\u00fcr Importwaren aus Serbien"
    },
    "content": {
        "rendered": "<p><em>Pristina, 08.10.2024<\/em><\/p>\n\n\n\n<p>Die Kosovarisch-Deutsche Wirtschaftsvereinigung begr\u00fc\u00dft den Beschluss der Regierung der Republik Kosovo, die Sicherheitsma\u00dfnahmen f\u00fcr Importprodukte aus Serbien zu \u00fcberarbeiten. Diese Entscheidung wurde unmittelbar nach dem Deutsch-Kosovarischen Wirtschaftsforum getroffen, bei dem dieses Thema zu den zentralen Diskussionspunkten geh\u00f6rte \u2013 insbesondere im Kontext der regionalen Zusammenarbeit, des Berlin-Prozesses und der CEFTA.<\/p>\n\n\n\n<p>Der Sonderbeauftragte der Bundesregierung f\u00fcr den Westbalkan, Herr Manuel Sarrazin, betonte gemeinsam mit weiteren Experten des Forums im Hauptprogramm die zentrale Bedeutung dieses Schrittes.<\/p>\n\n\n\n<p>Dieser Beschluss verdeutlicht nicht nur das starke Engagement des Kosovo f\u00fcr die F\u00f6rderung regionaler Beziehungen, sondern erleichtert auch internationalen und deutschen Marken den Zugang, die zuvor von den Ma\u00dfnahmen betroffen waren.<\/p>",
        "protected": false
    },
    "excerpt": {
        "rendered": "<p>Pristina, 08.10.2024 Die Kosovarisch-Deutsche Wirtschaftsvereinigung begr\u00fc\u00dft den Beschluss der Regierung der Republik Kosovo, die Sicherheitsma\u00dfnahmen f\u00fcr Importprodukte aus Serbien zu \u00fcberarbeiten. Diese Entscheidung wurde unmittelbar nach dem Deutsch-Kosovarischen Wirtschaftsforum getroffen, [&hellip;]<\/p>",
        "protected": false
    },
    "author": 1,
    "featured_media": 0,
    "comment_status": "closed",
    "ping_status": "open",
    "sticky": false,
    "template": "",
    "format": "standard",
    "meta": {
        "footnotes": ""
    },
    "categories": [
        150
    ],
    "tags": [],
    "class_list": [
        "post-11501",
        "post",
        "type-post",
        "status-publish",
        "format-standard",
        "hentry",
        "category-pressemitteilungen"
    ],
    "aioseo_notices": [],
    "_links": {
        "self": [
            {
                "href": "https:\/\/oegjk.org\/de\/wp-json\/wp\/v2\/posts\/11501",
                "targetHints": {
                    "allow": [
                        "GET"
                    ]
                }
            }
        ],
        "collection": [
            {
                "href": "https:\/\/oegjk.org\/de\/wp-json\/wp\/v2\/posts"
            }
        ],
        "about": [
            {
                "href": "https:\/\/oegjk.org\/de\/wp-json\/wp\/v2\/types\/post"
            }
        ],
        "author": [
            {
                "embeddable": true,
                "href": "https:\/\/oegjk.org\/de\/wp-json\/wp\/v2\/users\/1"
            }
        ],
        "replies": [
            {
                "embeddable": true,
                "href": "https:\/\/oegjk.org\/de\/wp-json\/wp\/v2\/comments?post=11501"
            }
        ],
        "version-history": [
            {
                "count": 1,
                "href": "https:\/\/oegjk.org\/de\/wp-json\/wp\/v2\/posts\/11501\/revisions"
            }
        ],
        "predecessor-version": [
            {
                "id": 11502,
                "href": "https:\/\/oegjk.org\/de\/wp-json\/wp\/v2\/posts\/11501\/revisions\/11502"
            }
        ],
        "wp:attachment": [
            {
                "href": "https:\/\/oegjk.org\/de\/wp-json\/wp\/v2\/media?parent=11501"
            }
        ],
        "wp:term": [
            {
                "taxonomy": "category",
                "embeddable": true,
                "href": "https:\/\/oegjk.org\/de\/wp-json\/wp\/v2\/categories?post=11501"
            },
            {
                "taxonomy": "post_tag",
                "embeddable": true,
                "href": "https:\/\/oegjk.org\/de\/wp-json\/wp\/v2\/tags?post=11501"
            }
        ],
        "curies": [
            {
                "name": "wp",
                "href": "https:\/\/api.w.org\/{rel}",
                "templated": true
            }
        ]
    }
}