{
    "id": 11483,
    "date": "2024-02-16T13:00:00",
    "date_gmt": "2024-02-16T12:00:00",
    "guid": {
        "rendered": "https:\/\/oegjk.org\/?p=11483"
    },
    "modified": "2025-01-13T22:54:53",
    "modified_gmt": "2025-01-13T21:54:53",
    "slug": "empfang-des-vorstands-der-kosovarisch-deutschen-wirtschaftsvereinigung-kdwv-im-buero-des-deutschen-kanzlers",
    "status": "publish",
    "type": "post",
    "link": "https:\/\/oegjk.org\/de\/empfang-des-vorstands-der-kosovarisch-deutschen-wirtschaftsvereinigung-kdwv-im-buero-des-deutschen-kanzlers\/",
    "title": {
        "rendered": "Empfang des Vorstands der Kosovarisch-Deutschen Wirtschaftsvereinigung (KDWV) im B\u00fcro des deutschen Kanzlers"
    },
    "content": {
        "rendered": "<p><em>Pristina, 16. Februar 2024<\/em><\/p>\n\n\n\n<p>Eine offizielle Delegation der Kosovarisch-Deutschen Wirtschaftsvereinigung (KDWV), unter der Leitung der Vorstandsvorsitzenden Eriola Bibolli und begleitet von den Vorstandsmitgliedern Hana Qerimi und Drinor Selmanaj, der Gesch\u00e4ftsf\u00fchrerin Nora Hasani sowie der Leiterin der Abteilung f\u00fcr Markteintritt, Besarta Hyseni, stattete Berlin einen offiziellen Besuch ab.<\/p>\n\n\n\n<p>Im Rahmen dieser Reise fanden mehrere wichtige Gespr\u00e4che statt, die sich auf die Vertiefung der bilateralen Beziehungen, die F\u00f6rderung der wirtschaftlichen Zusammenarbeit zwischen den beiden L\u00e4ndern und die Planung gemeinsamer Aktivit\u00e4ten f\u00fcr das Jahr 2024 konzentrierten.<\/p>\n\n\n\n<p>W\u00e4hrend ihres Aufenthalts f\u00fchrte die Delegation der KDWV-Gespr\u00e4che mit:<\/p>\n\n\n\n<ul class=\"wp-block-list\">\n<li><strong>Abteilung f\u00fcr internationale wirtschaftliche Zusammenarbeit \/ B\u00fcro des Kanzlers Scholz<\/strong><\/li>\n\n\n\n<li><strong>Abteilung f\u00fcr EU-Erweiterung, S\u00fcdosteuropa und T\u00fcrkei \/ Bundesministerium f\u00fcr Wirtschaft und Klimaschutz<\/strong><\/li>\n\n\n\n<li><strong>Deutscher Industrie- und Handelskammertag (DIHK)<\/strong><\/li>\n\n\n\n<li><strong>Ost-Ausschuss der Deutschen Wirtschaft<\/strong><\/li>\n\n\n\n<li><strong>German Economic Team \/ Berlin Economics<\/strong><\/li>\n\n\n\n<li><strong>OASA e.V.<\/strong><\/li>\n<\/ul>\n\n\n\n<p>Die Delegation war zudem zur Neujahrsempfang des Ost-Ausschusses der Deutschen Wirtschaft eingeladen, bei dem Bundesfinanzminister Christian Lindner eine Rede hielt. W\u00e4hrend der Veranstaltung hatten die KDWV-Mitglieder wertvolle Gespr\u00e4che mit deutschen Unternehmen sowie Vertretern deutscher und internationaler Institutionen.<\/p>\n\n\n\n<p>Die Delegation der KDWV nutzte die Gelegenheit, um deutsche Partner \u00fcber die Rolle der KDWV, aktuelle wirtschaftliche Entwicklungen in Kosovo und laufende Initiativen zur St\u00e4rkung der bilateralen Beziehungen zu informieren.<\/p>",
        "protected": false
    },
    "excerpt": {
        "rendered": "<p>Pristina, 16. Februar 2024 Eine offizielle Delegation der Kosovarisch-Deutschen Wirtschaftsvereinigung (KDWV), unter der Leitung der Vorstandsvorsitzenden Eriola Bibolli und begleitet von den Vorstandsmitgliedern Hana Qerimi und Drinor Selmanaj, der Gesch\u00e4ftsf\u00fchrerin [&hellip;]<\/p>",
        "protected": false
    },
    "author": 1,
    "featured_media": 0,
    "comment_status": "closed",
    "ping_status": "open",
    "sticky": false,
    "template": "",
    "format": "standard",
    "meta": {
        "footnotes": ""
    },
    "categories": [
        150
    ],
    "tags": [],
    "class_list": [
        "post-11483",
        "post",
        "type-post",
        "status-publish",
        "format-standard",
        "hentry",
        "category-pressemitteilungen"
    ],
    "aioseo_notices": [],
    "_links": {
        "self": [
            {
                "href": "https:\/\/oegjk.org\/de\/wp-json\/wp\/v2\/posts\/11483",
                "targetHints": {
                    "allow": [
                        "GET"
                    ]
                }
            }
        ],
        "collection": [
            {
                "href": "https:\/\/oegjk.org\/de\/wp-json\/wp\/v2\/posts"
            }
        ],
        "about": [
            {
                "href": "https:\/\/oegjk.org\/de\/wp-json\/wp\/v2\/types\/post"
            }
        ],
        "author": [
            {
                "embeddable": true,
                "href": "https:\/\/oegjk.org\/de\/wp-json\/wp\/v2\/users\/1"
            }
        ],
        "replies": [
            {
                "embeddable": true,
                "href": "https:\/\/oegjk.org\/de\/wp-json\/wp\/v2\/comments?post=11483"
            }
        ],
        "version-history": [
            {
                "count": 1,
                "href": "https:\/\/oegjk.org\/de\/wp-json\/wp\/v2\/posts\/11483\/revisions"
            }
        ],
        "predecessor-version": [
            {
                "id": 11484,
                "href": "https:\/\/oegjk.org\/de\/wp-json\/wp\/v2\/posts\/11483\/revisions\/11484"
            }
        ],
        "wp:attachment": [
            {
                "href": "https:\/\/oegjk.org\/de\/wp-json\/wp\/v2\/media?parent=11483"
            }
        ],
        "wp:term": [
            {
                "taxonomy": "category",
                "embeddable": true,
                "href": "https:\/\/oegjk.org\/de\/wp-json\/wp\/v2\/categories?post=11483"
            },
            {
                "taxonomy": "post_tag",
                "embeddable": true,
                "href": "https:\/\/oegjk.org\/de\/wp-json\/wp\/v2\/tags?post=11483"
            }
        ],
        "curies": [
            {
                "name": "wp",
                "href": "https:\/\/api.w.org\/{rel}",
                "templated": true
            }
        ]
    }
}