{
    "id": 7040,
    "date": "2023-05-17T15:55:30",
    "date_gmt": "2023-05-17T13:55:30",
    "guid": {
        "rendered": "https:\/\/oegjk.org\/?page_id=7040"
    },
    "modified": "2024-06-03T13:48:29",
    "modified_gmt": "2024-06-03T11:48:29",
    "slug": "ueberuns",
    "status": "publish",
    "type": "page",
    "link": "https:\/\/oegjk.org\/de\/ueberuns\/",
    "title": {
        "rendered": "\u00dcber uns"
    },
    "content": {
        "rendered": "<div data-elementor-type=\"wp-page\" data-elementor-id=\"7040\" class=\"elementor elementor-7040\" data-elementor-post-type=\"page\">\n\t\t\t\t\t\t<section class=\"elementor-section elementor-top-section elementor-element elementor-element-1f26e06 elementor-section-boxed elementor-section-height-default elementor-section-height-default\" data-id=\"1f26e06\" data-element_type=\"section\" data-e-type=\"section\">\n\t\t\t\t\t\t<div class=\"elementor-container elementor-column-gap-default\">\n\t\t\t\t\t<div class=\"elementor-column elementor-col-50 elementor-top-column elementor-element elementor-element-527d5a3\" data-id=\"527d5a3\" data-element_type=\"column\" data-e-type=\"column\">\n\t\t\t<div class=\"elementor-widget-wrap elementor-element-populated\">\n\t\t\t\t\t\t<div class=\"elementor-element elementor-element-70cab0c elementor-widget elementor-widget-heading\" data-id=\"70cab0c\" data-element_type=\"widget\" data-e-type=\"widget\" data-widget_type=\"heading.default\">\n\t\t\t\t<div class=\"elementor-widget-container\">\n\t\t\t\t\t<h2 class=\"elementor-heading-title elementor-size-default\">Die Kosovarisch-Deutsche Wirtschaftsvereinigung<\/h2>\t\t\t\t<\/div>\n\t\t\t\t<\/div>\n\t\t\t\t<div class=\"elementor-element elementor-element-517e2ef elementor-widget elementor-widget-text-editor\" data-id=\"517e2ef\" data-element_type=\"widget\" data-e-type=\"widget\" data-widget_type=\"text-editor.default\">\n\t\t\t\t<div class=\"elementor-widget-container\">\n\t\t\t\t\t\t\t\t\t<p>Die Kosovarisch-Deutsche Wirtschaftsvereinigung (KDWV) wurde am 17 April 2012 gegr\u00fcndet, mit der Unterst\u00fctzung der Deutschen Botschaft in Kosovo und den 39 kosovarischen Unternehmen.<\/p><p>Die Wirtschaftsvereinigung funktioniert auf Basis der Satzung der Kosovarisch-Deutschen Wirtschaftsvereinigung (KDWV), und hat gew\u00e4hlte Mitglieder im Vorstand und in der Gesch\u00e4ftsf\u00fchrung und ist auf der Grundlage der Fachhierarchie organisiert.<\/p><p>Seit der Gr\u00fcndung hat die Kosovarisch-Deutsche Wirtschaftsvereinigung (KDWV) ihre operativen Leistungsf\u00e4higkeiten st\u00e4ndig erh\u00f6ht und die Verantwortung f\u00fcr Aufgaben, die zu ihr geh\u00f6ren bewiesen.<\/p>\t\t\t\t\t\t\t\t<\/div>\n\t\t\t\t<\/div>\n\t\t\t\t\t<\/div>\n\t\t<\/div>\n\t\t\t\t<div class=\"elementor-column elementor-col-50 elementor-top-column elementor-element elementor-element-9e1d1f7\" data-id=\"9e1d1f7\" data-element_type=\"column\" data-e-type=\"column\">\n\t\t\t<div class=\"elementor-widget-wrap elementor-element-populated\">\n\t\t\t\t\t\t<div class=\"elementor-element elementor-element-8e8147f elementor-hidden-tablet elementor-hidden-mobile elementor-widget elementor-widget-image\" data-id=\"8e8147f\" data-element_type=\"widget\" data-e-type=\"widget\" data-widget_type=\"image.default\">\n\t\t\t\t<div class=\"elementor-widget-container\">\n\t\t\t\t\t\t\t\t\t\t\t\t\t\t\t<img fetchpriority=\"high\" decoding=\"async\" width=\"700\" height=\"201\" src=\"https:\/\/oegjk.org\/wp-content\/uploads\/2023\/05\/KDWV-Logo.svg\" class=\"attachment-full size-full wp-image-712\" alt=\"\" \/>\t\t\t\t\t\t\t\t\t\t\t\t\t\t\t<\/div>\n\t\t\t\t<\/div>\n\t\t\t\t<div class=\"elementor-element elementor-element-2935ff9 elementor-hidden-desktop elementor-widget elementor-widget-image\" data-id=\"2935ff9\" data-element_type=\"widget\" data-e-type=\"widget\" data-widget_type=\"image.default\">\n\t\t\t\t<div class=\"elementor-widget-container\">\n\t\t\t\t\t\t\t\t\t\t\t\t\t\t\t<img decoding=\"async\" width=\"700\" height=\"201\" src=\"https:\/\/oegjk.org\/wp-content\/uploads\/2023\/05\/KDWV-Logo.svg\" class=\"attachment-large size-large wp-image-712\" alt=\"\" \/>\t\t\t\t\t\t\t\t\t\t\t\t\t\t\t<\/div>\n\t\t\t\t<\/div>\n\t\t\t\t\t<\/div>\n\t\t<\/div>\n\t\t\t\t\t<\/div>\n\t\t<\/section>\n\t\t\t\t<section class=\"elementor-section elementor-top-section elementor-element elementor-element-f45c07c elementor-reverse-mobile elementor-section-boxed elementor-section-height-default elementor-section-height-default\" data-id=\"f45c07c\" data-element_type=\"section\" data-e-type=\"section\" data-settings=\"{&quot;background_background&quot;:&quot;classic&quot;}\">\n\t\t\t\t\t\t<div class=\"elementor-container elementor-column-gap-default\">\n\t\t\t\t\t<div class=\"elementor-column elementor-col-50 elementor-top-column elementor-element elementor-element-8afb813\" data-id=\"8afb813\" data-element_type=\"column\" data-e-type=\"column\">\n\t\t\t<div class=\"elementor-widget-wrap elementor-element-populated\">\n\t\t\t\t\t\t<div class=\"elementor-element elementor-element-a89b24b elementor-align-justify elementor-mobile-align-justify elementor-widget elementor-widget-button\" data-id=\"a89b24b\" data-element_type=\"widget\" data-e-type=\"widget\" data-widget_type=\"button.default\">\n\t\t\t\t<div class=\"elementor-widget-container\">\n\t\t\t\t\t\t\t\t\t<div class=\"elementor-button-wrapper\">\n\t\t\t\t\t<a class=\"elementor-button elementor-button-link elementor-size-xl elementor-animation-float\" href=\"https:\/\/oegjk.org\/de\/team\/\">\n\t\t\t\t\t\t<span class=\"elementor-button-content-wrapper\">\n\t\t\t\t\t\t\t\t\t<span class=\"elementor-button-text\">Team ansehen<\/span>\n\t\t\t\t\t<\/span>\n\t\t\t\t\t<\/a>\n\t\t\t\t<\/div>\n\t\t\t\t\t\t\t\t<\/div>\n\t\t\t\t<\/div>\n\t\t\t\t\t<\/div>\n\t\t<\/div>\n\t\t\t\t<div class=\"elementor-column elementor-col-50 elementor-top-column elementor-element elementor-element-f9795fb\" data-id=\"f9795fb\" data-element_type=\"column\" data-e-type=\"column\">\n\t\t\t<div class=\"elementor-widget-wrap elementor-element-populated\">\n\t\t\t\t\t\t<div class=\"elementor-element elementor-element-b550065 elementor-widget elementor-widget-text-editor\" data-id=\"b550065\" data-element_type=\"widget\" data-e-type=\"widget\" data-widget_type=\"text-editor.default\">\n\t\t\t\t<div class=\"elementor-widget-container\">\n\t\t\t\t\t\t\t\t\t<div class=\"wpb_text_column wpb_content_element fadeIn animate-element animation-triggered start-animation\"><div class=\"wpb_wrapper\"><p>Das Ziel der kosovarisch-deutschen Wirtschaftsvereinigung (KDWV) ist die Vertretung und der Schutz der Interessen der deutschen Wirtschaft in Kosovo, sowie die Vertretung und der Schutz der Interessen der kosovarischen Unternehmen, die in Deutschland t\u00e4tig sind.<\/p><p>Die Vision der kosovarisch-deutschen Wirtschaftsvereinigung (KDWV) ist es die Kooperationsbeziehungen zwischen dem Kosovo und den deutschen Unternehmen in der Zukunft zu erh\u00f6hen, um unseren Mitarbeiter die notwendige Unterst\u00fctzung zu erm\u00f6glichen f\u00fcr eine bessere wirtschaftliche Entwicklung in beiden L\u00e4ndern.<\/p><\/div><\/div>\t\t\t\t\t\t\t\t<\/div>\n\t\t\t\t<\/div>\n\t\t\t\t\t<\/div>\n\t\t<\/div>\n\t\t\t\t\t<\/div>\n\t\t<\/section>\n\t\t\t\t<section class=\"elementor-section elementor-top-section elementor-element elementor-element-370cd24 elementor-section-boxed elementor-section-height-default elementor-section-height-default\" data-id=\"370cd24\" data-element_type=\"section\" data-e-type=\"section\">\n\t\t\t\t\t\t<div class=\"elementor-container elementor-column-gap-default\">\n\t\t\t\t\t<div class=\"elementor-column elementor-col-100 elementor-top-column elementor-element elementor-element-ae84b65\" data-id=\"ae84b65\" data-element_type=\"column\" data-e-type=\"column\">\n\t\t\t<div class=\"elementor-widget-wrap elementor-element-populated\">\n\t\t\t\t\t\t<div class=\"elementor-element elementor-element-b4887b5 elementor-widget elementor-widget-text-editor\" data-id=\"b4887b5\" data-element_type=\"widget\" data-e-type=\"widget\" data-widget_type=\"text-editor.default\">\n\t\t\t\t<div class=\"elementor-widget-container\">\n\t\t\t\t\t\t\t\t\t<p>Um situationsbewusst zu sein und generell bessere Voraussetzungen f\u00fcr den Gesch\u00e4ftsverlauf in der Umgebung zwischen unseren beiden L\u00e4ndern zu erm\u00f6glichen, ist die KDWV in st\u00e4ndiger Zusammenarbeit mit der deutschen Industrie- und Handelskammer (DIHK) mit Sitz in Berlin. Diese korrekte Zusammenarbeit gibt uns die M\u00f6glichkeit wirtschaftliche Beziehungen zwischen Deutschland und Kosovo zu f\u00f6rdern und zu st\u00e4rken.<\/p><p>Neben der guten Beziehungen zu der DIHK, pflegt die KDWV auch eine sehr gute Zusammenarbeit mit der deutschen Botschaft in Kosovo, den kosovarischen staatlichen Institutionen, anderen wirtschaftlichen und sozialen Mechanismen und vor allem mit seinen Mitgliedsunternehmen, deren Anzahl jeden Tag steigt. Dank der Arbeit und des ernsthaften Engagement der KDWV sind all diese Aktivit\u00e4ten m\u00f6glich, um Partner und w\u00fcrdiger Vertreter ihrer wirtschaftlichen Interessen zu sein.<\/p><p>Die Kosovarisch-Deutsche Wirtschaftsvereinigung (KDWV) bleibt weiterhin der st\u00e4ndige Unterst\u00fctzer der Unternehmen und ist st\u00e4ndig auf der Suche nach der Herstellung von Kontakten zwischen Unternehmern beider L\u00e4nder. Daher laden wir alle Menschen und Unternehmen, die Teil des kosovarisch-deutschen Wirtschaftslebens sein m\u00f6chten, sich zu beteiligen und sich in der Kosovarisch-Deutschen Wirtschaftsvereinigung zu engagieren.<\/p>\t\t\t\t\t\t\t\t<\/div>\n\t\t\t\t<\/div>\n\t\t\t\t\t<\/div>\n\t\t<\/div>\n\t\t\t\t\t<\/div>\n\t\t<\/section>\n\t\t\t\t<section class=\"elementor-section elementor-top-section elementor-element elementor-element-394dbaa elementor-section-boxed elementor-section-height-default elementor-section-height-default\" data-id=\"394dbaa\" data-element_type=\"section\" data-e-type=\"section\">\n\t\t\t\t\t\t<div class=\"elementor-container elementor-column-gap-default\">\n\t\t\t\t\t<div class=\"elementor-column elementor-col-50 elementor-top-column elementor-element elementor-element-b4808b8\" data-id=\"b4808b8\" data-element_type=\"column\" data-e-type=\"column\">\n\t\t\t<div class=\"elementor-widget-wrap elementor-element-populated\">\n\t\t\t\t\t\t<div class=\"elementor-element elementor-element-3ec050f elementor-widget elementor-widget-text-editor\" data-id=\"3ec050f\" data-element_type=\"widget\" data-e-type=\"widget\" data-widget_type=\"text-editor.default\">\n\t\t\t\t<div class=\"elementor-widget-container\">\n\t\t\t\t\t\t\t\t\t<div class=\"wpb_text_column wpb_content_element fadeIn animate-element animation-triggered start-animation\"><div class=\"wpb_wrapper\"><p><strong>M\u00f6chten Sie mehr \u00fcber unsere Arbeit erfahren?\u00a0<\/strong><\/p><p>Lesen Sie unseren Jahresbericht von 2023 und informieren Sie sich \u00fcber Events, Cluster, Zahlen &amp; Fakten und Erfolge.<\/p><\/div><\/div>\t\t\t\t\t\t\t\t<\/div>\n\t\t\t\t<\/div>\n\t\t\t\t\t<\/div>\n\t\t<\/div>\n\t\t\t\t<div class=\"elementor-column elementor-col-50 elementor-top-column elementor-element elementor-element-288384e\" data-id=\"288384e\" data-element_type=\"column\" data-e-type=\"column\">\n\t\t\t<div class=\"elementor-widget-wrap elementor-element-populated\">\n\t\t\t\t\t\t<div class=\"elementor-element elementor-element-7ab5c64 elementor-align-justify elementor-mobile-align-justify elementor-widget elementor-widget-button\" data-id=\"7ab5c64\" data-element_type=\"widget\" data-e-type=\"widget\" data-widget_type=\"button.default\">\n\t\t\t\t<div class=\"elementor-widget-container\">\n\t\t\t\t\t\t\t\t\t<div class=\"elementor-button-wrapper\">\n\t\t\t\t\t<a class=\"elementor-button elementor-button-link elementor-size-xl elementor-animation-float\" href=\"https:\/\/oegjk.org\/de\/jahresbericht-der-kdwv-2023\/\">\n\t\t\t\t\t\t<span class=\"elementor-button-content-wrapper\">\n\t\t\t\t\t\t\t\t\t<span class=\"elementor-button-text\">Jahresbericht 2023<\/span>\n\t\t\t\t\t<\/span>\n\t\t\t\t\t<\/a>\n\t\t\t\t<\/div>\n\t\t\t\t\t\t\t\t<\/div>\n\t\t\t\t<\/div>\n\t\t\t\t\t<\/div>\n\t\t<\/div>\n\t\t\t\t\t<\/div>\n\t\t<\/section>\n\t\t\t\t<\/div>",
        "protected": false
    },
    "excerpt": {
        "rendered": "<p>Die Kosovarisch-Deutsche Wirtschaftsvereinigung Die Kosovarisch-Deutsche Wirtschaftsvereinigung (KDWV) wurde am 17 April 2012 gegr\u00fcndet, mit der Unterst\u00fctzung der Deutschen Botschaft in Kosovo und den 39 kosovarischen Unternehmen. Die Wirtschaftsvereinigung funktioniert auf [&hellip;]<\/p>",
        "protected": false
    },
    "author": 1,
    "featured_media": 0,
    "parent": 0,
    "menu_order": 0,
    "comment_status": "closed",
    "ping_status": "closed",
    "template": "",
    "meta": {
        "footnotes": ""
    },
    "class_list": [
        "post-7040",
        "page",
        "type-page",
        "status-publish",
        "hentry"
    ],
    "aioseo_notices": [],
    "_links": {
        "self": [
            {
                "href": "https:\/\/oegjk.org\/de\/wp-json\/wp\/v2\/pages\/7040",
                "targetHints": {
                    "allow": [
                        "GET"
                    ]
                }
            }
        ],
        "collection": [
            {
                "href": "https:\/\/oegjk.org\/de\/wp-json\/wp\/v2\/pages"
            }
        ],
        "about": [
            {
                "href": "https:\/\/oegjk.org\/de\/wp-json\/wp\/v2\/types\/page"
            }
        ],
        "author": [
            {
                "embeddable": true,
                "href": "https:\/\/oegjk.org\/de\/wp-json\/wp\/v2\/users\/1"
            }
        ],
        "replies": [
            {
                "embeddable": true,
                "href": "https:\/\/oegjk.org\/de\/wp-json\/wp\/v2\/comments?post=7040"
            }
        ],
        "version-history": [
            {
                "count": 52,
                "href": "https:\/\/oegjk.org\/de\/wp-json\/wp\/v2\/pages\/7040\/revisions"
            }
        ],
        "predecessor-version": [
            {
                "id": 10932,
                "href": "https:\/\/oegjk.org\/de\/wp-json\/wp\/v2\/pages\/7040\/revisions\/10932"
            }
        ],
        "wp:attachment": [
            {
                "href": "https:\/\/oegjk.org\/de\/wp-json\/wp\/v2\/media?parent=7040"
            }
        ],
        "curies": [
            {
                "name": "wp",
                "href": "https:\/\/api.w.org\/{rel}",
                "templated": true
            }
        ]
    }
}