{
    "id": 11471,
    "date": "2025-01-13T22:46:31",
    "date_gmt": "2025-01-13T21:46:31",
    "guid": {
        "rendered": "https:\/\/oegjk.org\/?page_id=11471"
    },
    "modified": "2025-01-13T22:52:42",
    "modified_gmt": "2025-01-13T21:52:42",
    "slug": "nachrichten-duplicate",
    "status": "publish",
    "type": "page",
    "link": "https:\/\/oegjk.org\/de\/nachrichten-duplicate\/",
    "title": {
        "rendered": "Pressemitteilungen"
    },
    "content": {
        "rendered": "<div data-elementor-type=\"wp-page\" data-elementor-id=\"11471\" class=\"elementor elementor-11471\" data-elementor-post-type=\"page\">\n\t\t\t\t\t\t<section class=\"elementor-section elementor-top-section elementor-element elementor-element-ca14d5b elementor-section-boxed elementor-section-height-default elementor-section-height-default\" data-id=\"ca14d5b\" data-element_type=\"section\" data-e-type=\"section\" data-settings=\"{&quot;background_background&quot;:&quot;classic&quot;}\">\n\t\t\t\t\t\t<div class=\"elementor-container elementor-column-gap-default\">\n\t\t\t\t\t<div class=\"elementor-column elementor-col-100 elementor-top-column elementor-element elementor-element-73c5d86\" data-id=\"73c5d86\" data-element_type=\"column\" data-e-type=\"column\">\n\t\t\t<div class=\"elementor-widget-wrap elementor-element-populated\">\n\t\t\t\t\t\t<div class=\"elementor-element elementor-element-7dc0df8 elementor-widget elementor-widget-heading\" data-id=\"7dc0df8\" data-element_type=\"widget\" data-e-type=\"widget\" data-widget_type=\"heading.default\">\n\t\t\t\t<div class=\"elementor-widget-container\">\n\t\t\t\t\t<h2 class=\"elementor-heading-title elementor-size-default\">Pressemitteilungen<\/h2>\t\t\t\t<\/div>\n\t\t\t\t<\/div>\n\t\t\t\t<div class=\"elementor-element elementor-element-c3a3b91 elementor-posts--thumbnail-none elementor-widget__width-initial elementor-grid-3 elementor-grid-tablet-2 elementor-grid-mobile-1 elementor-card-shadow-yes elementor-posts__hover-gradient elementor-widget elementor-widget-posts\" data-id=\"c3a3b91\" data-element_type=\"widget\" data-e-type=\"widget\" data-settings=\"{&quot;pagination_type&quot;:&quot;load_more_infinite_scroll&quot;,&quot;cards_columns&quot;:&quot;3&quot;,&quot;cards_columns_tablet&quot;:&quot;2&quot;,&quot;cards_columns_mobile&quot;:&quot;1&quot;,&quot;cards_row_gap&quot;:{&quot;unit&quot;:&quot;px&quot;,&quot;size&quot;:35,&quot;sizes&quot;:[]},&quot;cards_row_gap_tablet&quot;:{&quot;unit&quot;:&quot;px&quot;,&quot;size&quot;:&quot;&quot;,&quot;sizes&quot;:[]},&quot;cards_row_gap_mobile&quot;:{&quot;unit&quot;:&quot;px&quot;,&quot;size&quot;:&quot;&quot;,&quot;sizes&quot;:[]},&quot;load_more_spinner&quot;:{&quot;value&quot;:&quot;fas fa-spinner&quot;,&quot;library&quot;:&quot;fa-solid&quot;}}\" data-widget_type=\"posts.cards\">\n\t\t\t\t<div class=\"elementor-widget-container\">\n\t\t\t\t\t\t\t<div class=\"elementor-posts-container elementor-posts elementor-posts--skin-cards elementor-grid\" role=\"list\">\n\t\t\t\t<article class=\"elementor-post elementor-grid-item post-12006 post type-post status-publish format-standard hentry category-pressemitteilungen\" role=\"listitem\">\n\t\t\t<div class=\"elementor-post__card\">\n\t\t\t\t<div class=\"elementor-post__text\">\n\t\t\t\t<h2 class=\"elementor-post__title\">\n\t\t\t<a href=\"https:\/\/oegjk.org\/de\/kosovo-macht-einen-weiteren-schritt-zur-staerkung-der-beziehungen-zum-deutschen-markt-kdwv-gefuehrte-kosovarische-delegation-in-nuernberg\/\" target=&quot;_blank&quot;>\n\t\t\t\tKosovo macht einen weiteren Schritt zur St\u00e4rkung der Beziehungen zum deutschen Markt: KDWV-gef\u00fchrte kosovarische Delegation in N\u00fcrnberg\t\t\t<\/a>\n\t\t<\/h2>\n\t\t\t\t\t<div class=\"elementor-post__read-more-wrapper\">\n\t\t\n\t\t<a class=\"elementor-post__read-more\" href=\"https:\/\/oegjk.org\/de\/kosovo-macht-einen-weiteren-schritt-zur-staerkung-der-beziehungen-zum-deutschen-markt-kdwv-gefuehrte-kosovarische-delegation-in-nuernberg\/\" aria-label=\"Mehr \u00fcber Kosovo macht einen weiteren Schritt zur St\u00e4rkung der Beziehungen zum deutschen Markt: KDWV-gef\u00fchrte kosovarische Delegation in N\u00fcrnberg\" tabindex=\"-1\" target=\"_blank\">\n\t\t\tWeiterlesen \u00bb\t\t<\/a>\n\n\t\t\t\t\t<\/div>\n\t\t\t\t<\/div>\n\t\t\t\t<div class=\"elementor-post__meta-data\">\n\t\t\t\t\t<span class=\"elementor-post-date\">\n\t\t\t05.06.2025\t\t<\/span>\n\t\t\t\t<\/div>\n\t\t\t\t\t<\/div>\n\t\t<\/article>\n\t\t\t\t<article class=\"elementor-post elementor-grid-item post-12003 post type-post status-publish format-standard hentry category-pressemitteilungen\" role=\"listitem\">\n\t\t\t<div class=\"elementor-post__card\">\n\t\t\t\t<div class=\"elementor-post__text\">\n\t\t\t\t<h2 class=\"elementor-post__title\">\n\t\t\t<a href=\"https:\/\/oegjk.org\/de\/yll-dushi-zum-praesidenten-des-vorstands-der-kosovarisch-deutschen-wirtschaftsvereinigung-kdwv-gewaehlt\/\" target=&quot;_blank&quot;>\n\t\t\t\tYll Dushi zum Pr\u00e4sidenten des Vorstands der Kosovarisch-Deutschen Wirtschaftsvereinigung (KDWV) gew\u00e4hlt\t\t\t<\/a>\n\t\t<\/h2>\n\t\t\t\t\t<div class=\"elementor-post__read-more-wrapper\">\n\t\t\n\t\t<a class=\"elementor-post__read-more\" href=\"https:\/\/oegjk.org\/de\/yll-dushi-zum-praesidenten-des-vorstands-der-kosovarisch-deutschen-wirtschaftsvereinigung-kdwv-gewaehlt\/\" aria-label=\"Mehr \u00fcber Yll Dushi zum Pr\u00e4sidenten des Vorstands der Kosovarisch-Deutschen Wirtschaftsvereinigung (KDWV) gew\u00e4hlt\" tabindex=\"-1\" target=\"_blank\">\n\t\t\tWeiterlesen \u00bb\t\t<\/a>\n\n\t\t\t\t\t<\/div>\n\t\t\t\t<\/div>\n\t\t\t\t<div class=\"elementor-post__meta-data\">\n\t\t\t\t\t<span class=\"elementor-post-date\">\n\t\t\t02.06.2025\t\t<\/span>\n\t\t\t\t<\/div>\n\t\t\t\t\t<\/div>\n\t\t<\/article>\n\t\t\t\t<article class=\"elementor-post elementor-grid-item post-12000 post type-post status-publish format-standard hentry category-pressemitteilungen\" role=\"listitem\">\n\t\t\t<div class=\"elementor-post__card\">\n\t\t\t\t<div class=\"elementor-post__text\">\n\t\t\t\t<h2 class=\"elementor-post__title\">\n\t\t\t<a href=\"https:\/\/oegjk.org\/de\/besnik-vasolli-wird-zum-geschaeftsfuehrer-der-kosovarisch-deutschen-wirtschaftsvereinigung-ernannt\/\" target=&quot;_blank&quot;>\n\t\t\t\tBesnik Vasolli wird zum Gesch\u00e4ftsf\u00fchrer der Kosovarisch-Deutschen Wirtschaftsvereinigung ernannt\t\t\t<\/a>\n\t\t<\/h2>\n\t\t\t\t\t<div class=\"elementor-post__read-more-wrapper\">\n\t\t\n\t\t<a class=\"elementor-post__read-more\" href=\"https:\/\/oegjk.org\/de\/besnik-vasolli-wird-zum-geschaeftsfuehrer-der-kosovarisch-deutschen-wirtschaftsvereinigung-ernannt\/\" aria-label=\"Mehr \u00fcber Besnik Vasolli wird zum Gesch\u00e4ftsf\u00fchrer der Kosovarisch-Deutschen Wirtschaftsvereinigung ernannt\" tabindex=\"-1\" target=\"_blank\">\n\t\t\tWeiterlesen \u00bb\t\t<\/a>\n\n\t\t\t\t\t<\/div>\n\t\t\t\t<\/div>\n\t\t\t\t<div class=\"elementor-post__meta-data\">\n\t\t\t\t\t<span class=\"elementor-post-date\">\n\t\t\t15.04.2025\t\t<\/span>\n\t\t\t\t<\/div>\n\t\t\t\t\t<\/div>\n\t\t<\/article>\n\t\t\t\t<article class=\"elementor-post elementor-grid-item post-11745 post type-post status-publish format-standard hentry category-pressemitteilungen\" role=\"listitem\">\n\t\t\t<div class=\"elementor-post__card\">\n\t\t\t\t<div class=\"elementor-post__text\">\n\t\t\t\t<h2 class=\"elementor-post__title\">\n\t\t\t<a href=\"https:\/\/oegjk.org\/de\/rizvanolli-ne-diskutimin-e-oegjk-se-do-te-perkrahim-bizneset-qe-dalin-ne-treg-te-hapur\/\" target=&quot;_blank&quot;>\n\t\t\t\tRizvanolli n\u00eb diskutimin e OEGJK-s\u00eb: Do t\u00eb p\u00ebrkrahim bizneset q\u00eb dalin n\u00eb treg t\u00eb hapur\t\t\t<\/a>\n\t\t<\/h2>\n\t\t\t\t\t<div class=\"elementor-post__read-more-wrapper\">\n\t\t\n\t\t<a class=\"elementor-post__read-more\" href=\"https:\/\/oegjk.org\/de\/rizvanolli-ne-diskutimin-e-oegjk-se-do-te-perkrahim-bizneset-qe-dalin-ne-treg-te-hapur\/\" aria-label=\"Mehr \u00fcber Rizvanolli n\u00eb diskutimin e OEGJK-s\u00eb: Do t\u00eb p\u00ebrkrahim bizneset q\u00eb dalin n\u00eb treg t\u00eb hapur\" tabindex=\"-1\" target=\"_blank\">\n\t\t\tWeiterlesen \u00bb\t\t<\/a>\n\n\t\t\t\t\t<\/div>\n\t\t\t\t<\/div>\n\t\t\t\t<div class=\"elementor-post__meta-data\">\n\t\t\t\t\t<span class=\"elementor-post-date\">\n\t\t\t01.04.2025\t\t<\/span>\n\t\t\t\t<\/div>\n\t\t\t\t\t<\/div>\n\t\t<\/article>\n\t\t\t\t<article class=\"elementor-post elementor-grid-item post-11633 post type-post status-publish format-standard hentry category-pressemitteilungen\" role=\"listitem\">\n\t\t\t<div class=\"elementor-post__card\">\n\t\t\t\t<div class=\"elementor-post__text\">\n\t\t\t\t<h2 class=\"elementor-post__title\">\n\t\t\t<a href=\"https:\/\/oegjk.org\/de\/eight-proposals-from-the-german-kosovar-business-association-oegjk-kdwv-for-the-winners-of-the-elections-for-the-assembly-of-the-republic-of-kosovo-to-strengthen-economic-relations-with-germany\/\" target=&quot;_blank&quot;>\n\t\t\t\tEight Proposals from the German-Kosovar Business Association (OEGJK-KDWV) for the winners of the Elections for the Assembly of the Republic of Kosovo, to strengthen economic relations with Germany\u00a0\t\t\t<\/a>\n\t\t<\/h2>\n\t\t\t\t\t<div class=\"elementor-post__read-more-wrapper\">\n\t\t\n\t\t<a class=\"elementor-post__read-more\" href=\"https:\/\/oegjk.org\/de\/eight-proposals-from-the-german-kosovar-business-association-oegjk-kdwv-for-the-winners-of-the-elections-for-the-assembly-of-the-republic-of-kosovo-to-strengthen-economic-relations-with-germany\/\" aria-label=\"Mehr \u00fcber Eight Proposals from the German-Kosovar Business Association (OEGJK-KDWV) for the winners of the Elections for the Assembly of the Republic of Kosovo, to strengthen economic relations with Germany\u00a0\" tabindex=\"-1\" target=\"_blank\">\n\t\t\tWeiterlesen \u00bb\t\t<\/a>\n\n\t\t\t\t\t<\/div>\n\t\t\t\t<\/div>\n\t\t\t\t<div class=\"elementor-post__meta-data\">\n\t\t\t\t\t<span class=\"elementor-post-date\">\n\t\t\t07.02.2025\t\t<\/span>\n\t\t\t\t<\/div>\n\t\t\t\t\t<\/div>\n\t\t<\/article>\n\t\t\t\t<article class=\"elementor-post elementor-grid-item post-11501 post type-post status-publish format-standard hentry category-pressemitteilungen\" role=\"listitem\">\n\t\t\t<div class=\"elementor-post__card\">\n\t\t\t\t<div class=\"elementor-post__text\">\n\t\t\t\t<h2 class=\"elementor-post__title\">\n\t\t\t<a href=\"https:\/\/oegjk.org\/de\/regierungsbeschluss-der-republik-kosovo-ueber-sicherheitsmassnahmen-fuer-importwaren-aus-serbien\/\" target=&quot;_blank&quot;>\n\t\t\t\tRegierungsbeschluss der Republik Kosovo \u00fcber Sicherheitsma\u00dfnahmen f\u00fcr Importwaren aus Serbien\t\t\t<\/a>\n\t\t<\/h2>\n\t\t\t\t\t<div class=\"elementor-post__read-more-wrapper\">\n\t\t\n\t\t<a class=\"elementor-post__read-more\" href=\"https:\/\/oegjk.org\/de\/regierungsbeschluss-der-republik-kosovo-ueber-sicherheitsmassnahmen-fuer-importwaren-aus-serbien\/\" aria-label=\"Mehr \u00fcber Regierungsbeschluss der Republik Kosovo \u00fcber Sicherheitsma\u00dfnahmen f\u00fcr Importwaren aus Serbien\" tabindex=\"-1\" target=\"_blank\">\n\t\t\tWeiterlesen \u00bb\t\t<\/a>\n\n\t\t\t\t\t<\/div>\n\t\t\t\t<\/div>\n\t\t\t\t<div class=\"elementor-post__meta-data\">\n\t\t\t\t\t<span class=\"elementor-post-date\">\n\t\t\t08.10.2024\t\t<\/span>\n\t\t\t\t<\/div>\n\t\t\t\t\t<\/div>\n\t\t<\/article>\n\t\t\t\t<\/div>\n\t\t\t\t\t<span class=\"e-load-more-spinner\">\n\t\t\t\t<i aria-hidden=\"true\" class=\"fas fa-spinner\"><\/i>\t\t\t<\/span>\n\t\t\n\t\t\t\t<div class=\"e-load-more-anchor\" data-page=\"1\" data-max-page=\"3\" data-next-page=\"https:\/\/oegjk.org\/de\/wp-json\/wp\/v2\/pages\/11471\/page\/2\/\"><\/div>\n\t\t\t\t<div class=\"e-load-more-message\"><\/div>\n\t\t\t\t\t\t<\/div>\n\t\t\t\t<\/div>\n\t\t\t\t\t<\/div>\n\t\t<\/div>\n\t\t\t\t\t<\/div>\n\t\t<\/section>\n\t\t\t\t<\/div>",
        "protected": false
    },
    "excerpt": {
        "rendered": "<p>Pressemitteilungen<\/p>",
        "protected": false
    },
    "author": 1,
    "featured_media": 0,
    "parent": 0,
    "menu_order": 0,
    "comment_status": "closed",
    "ping_status": "closed",
    "template": "",
    "meta": {
        "footnotes": ""
    },
    "class_list": [
        "post-11471",
        "page",
        "type-page",
        "status-publish",
        "hentry"
    ],
    "aioseo_notices": [],
    "_links": {
        "self": [
            {
                "href": "https:\/\/oegjk.org\/de\/wp-json\/wp\/v2\/pages\/11471",
                "targetHints": {
                    "allow": [
                        "GET"
                    ]
                }
            }
        ],
        "collection": [
            {
                "href": "https:\/\/oegjk.org\/de\/wp-json\/wp\/v2\/pages"
            }
        ],
        "about": [
            {
                "href": "https:\/\/oegjk.org\/de\/wp-json\/wp\/v2\/types\/page"
            }
        ],
        "author": [
            {
                "embeddable": true,
                "href": "https:\/\/oegjk.org\/de\/wp-json\/wp\/v2\/users\/1"
            }
        ],
        "replies": [
            {
                "embeddable": true,
                "href": "https:\/\/oegjk.org\/de\/wp-json\/wp\/v2\/comments?post=11471"
            }
        ],
        "version-history": [
            {
                "count": 6,
                "href": "https:\/\/oegjk.org\/de\/wp-json\/wp\/v2\/pages\/11471\/revisions"
            }
        ],
        "predecessor-version": [
            {
                "id": 11482,
                "href": "https:\/\/oegjk.org\/de\/wp-json\/wp\/v2\/pages\/11471\/revisions\/11482"
            }
        ],
        "wp:attachment": [
            {
                "href": "https:\/\/oegjk.org\/de\/wp-json\/wp\/v2\/media?parent=11471"
            }
        ],
        "curies": [
            {
                "name": "wp",
                "href": "https:\/\/api.w.org\/{rel}",
                "templated": true
            }
        ]
    }
}